{"id":8088,"date":"2015-06-08T20:14:08","date_gmt":"2015-06-08T19:14:08","guid":{"rendered":"http:\/\/www.cfotogenic.com\/?p=8088"},"modified":"2017-06-04T18:06:32","modified_gmt":"2017-06-04T16:06:32","slug":"cinq-ans-voyage-cinq-ans-partage","status":"publish","type":"post","link":"https:\/\/celinejentzsch.com\/en\/cinq-ans-voyage-cinq-ans-partage\/","title":{"rendered":"Cinq ans de voyage &#8211; Cinq ans de partage"},"content":{"rendered":"<p>Chers amis,<\/p>\n<p>Le blog cfotogenic vient de f\u00eater ses 5 ans ! C\u2019est apr\u00e8s ce lancement sur la toile que mon activit\u00e9 photographique a r\u00e9ellement d\u00e9but\u00e9e et j&#8217;encourage ainsi tous les photographes \u00e0 faire vivre leurs images \u00e0 travers un support virtuel. Ces ann\u00e9es ont \u00e9t\u00e9 rythm\u00e9es par des projets captivants : publications de plusieurs articles, participation en tant que juge photo \u00e0 des concours nationaux, r\u00e9daction d\u2019un livre co-\u00e9crit avec Gilles Th\u00e9ophile, ainsi que diverses expositions ! Parall\u00e8lement \u00e0 tout cela, il y eu le partage de plus de 180 articles sur ce blog, qui a trouv\u00e9 un nombre croissant de visiteurs. Je vous en remercie chaleureusement!<\/p>\n<p>Ce quinquennat est aussi marqu\u00e9 par la r\u00e9daction de mon premier livre en tant qu&#8217;auteure,\u00a0&#8220;Les secrets de la photo de voyage&#8221; aux \u00c9ditions Eyrolles, qui sortira en novembre prochain lors du Salon de la Photo \u00e0 Paris.\u00a0 Cette ouvrage sera une invitation au voyage-photographique, 200 pages, dans lesquelles je vous parlerai de mon approche sur le terrain, tout en abordant diff\u00e9rents sujets photographiques: paysage et nature, milieu urbain, humain, sc\u00e8nes de vie etc. De la pr\u00e9paration du voyage jusqu\u2019\u00e0 son retour, je vous donnerai de nombreux conseils techniques et de composition, essentiels \u00e0 la r\u00e9ussite de belles images.<\/p>\n<p>C&#8217;est en travaillant sur cet ouvrage depuis plusieurs semaines maintenant, que je red\u00e9couvre d&#8217;anciennes images, dans lesquelles je suis venue puiser mon inspiration. Aujourd\u2019hui, pour c\u00e9l\u00e9brer ces 10 ann\u00e9es de voyage photo et ces 5 ann\u00e9es de blog, je souhaite partager ces premiers pas, sur des continents qui m&#8217;\u00e9taient alors totalement inconnus. Ces images repr\u00e9sentent des sc\u00e8nes de vie qui m\u2019ont ouvert la porte du voyage et de la photographie et ont pour moi une grande valeur \u00e9motionnelle. Je me sens privil\u00e9gi\u00e9e d&#8217;avoir pu traverser d&#8217;aussi beaux paysages, de rencontrer de si belles personnes, et de voir le monde en couleur avec autant de libert\u00e9, pour finalement partager ces moments avec vous.<\/p>\n<p>Je vous souhaite une belle soir\u00e9e.<\/p>\n<p>C\u00e9line<\/p>\n","protected":false},"excerpt":{"rendered":"<p>Chers amis, Le blog cfotogenic vient de f\u00eater ses 5 ans ! C\u2019est apr\u00e8s ce lancement sur la toile que mon activit\u00e9 photographique a r\u00e9ellement d\u00e9but\u00e9e et j&#8217;encourage ainsi tous les photographes \u00e0 faire vivre leurs images \u00e0 travers un support virtuel. Ces ann\u00e9es ont \u00e9t\u00e9 rythm\u00e9es par des projets captivants : publications de plusieurs articles, participation en tant que juge photo \u00e0 des concours nationaux, r\u00e9daction d\u2019un livre co-\u00e9crit avec Gilles Th\u00e9ophile, ainsi que diverses expositions ! Parall\u00e8lement \u00e0 [&hellip;]<\/p>\n","protected":false},"author":2,"featured_media":20162,"comment_status":"open","ping_status":"open","sticky":false,"template":"","format":"gallery","meta":{"footnotes":""},"categories":[68],"tags":[143],"_links":{"self":[{"href":"https:\/\/celinejentzsch.com\/en\/wp-json\/wp\/v2\/posts\/8088"}],"collection":[{"href":"https:\/\/celinejentzsch.com\/en\/wp-json\/wp\/v2\/posts"}],"about":[{"href":"https:\/\/celinejentzsch.com\/en\/wp-json\/wp\/v2\/types\/post"}],"author":[{"embeddable":true,"href":"https:\/\/celinejentzsch.com\/en\/wp-json\/wp\/v2\/users\/2"}],"replies":[{"embeddable":true,"href":"https:\/\/celinejentzsch.com\/en\/wp-json\/wp\/v2\/comments?post=8088"}],"version-history":[{"count":1,"href":"https:\/\/celinejentzsch.com\/en\/wp-json\/wp\/v2\/posts\/8088\/revisions"}],"predecessor-version":[{"id":20088,"href":"https:\/\/celinejentzsch.com\/en\/wp-json\/wp\/v2\/posts\/8088\/revisions\/20088"}],"wp:featuredmedia":[{"embeddable":true,"href":"https:\/\/celinejentzsch.com\/en\/wp-json\/wp\/v2\/media\/20162"}],"wp:attachment":[{"href":"https:\/\/celinejentzsch.com\/en\/wp-json\/wp\/v2\/media?parent=8088"}],"wp:term":[{"taxonomy":"category","embeddable":true,"href":"https:\/\/celinejentzsch.com\/en\/wp-json\/wp\/v2\/categories?post=8088"},{"taxonomy":"post_tag","embeddable":true,"href":"https:\/\/celinejentzsch.com\/en\/wp-json\/wp\/v2\/tags?post=8088"}],"curies":[{"name":"wp","href":"https:\/\/api.w.org\/{rel}","templated":true}]}}