{"id":21602,"date":"2017-12-25T13:54:33","date_gmt":"2017-12-25T12:54:33","guid":{"rendered":"http:\/\/celinejentzsch.com\/?p=21602"},"modified":"2017-12-25T13:54:33","modified_gmt":"2017-12-25T12:54:33","slug":"joyeux-noel-et-bonne-annee","status":"publish","type":"post","link":"https:\/\/celinejentzsch.com\/en\/joyeux-noel-et-bonne-annee\/","title":{"rendered":"Joyeux No\u00ebl et Bonne ann\u00e9e"},"content":{"rendered":"<p>Chers amis,<\/p>\n<p>en ce jour de No\u00ebl je souhaite vous pr\u00e9senter mes meilleurs voeux pour cette fin d&#8217;ann\u00e9e.<\/p>\n<p>Que ces jours de festivit\u00e9s soient une belle occasion de rassembler ceux qui nous sont chers mais aussi de retrouver par la pens\u00e9e ceux qui nous ont quitt\u00e9s.<\/p>\n<p>Chaque instant doit \u00eatre cueilli avec simplicit\u00e9 et bonheur.<\/p>\n<p>Je profite de ces voeux pour vous remercier, comme chaque ann\u00e9e, pour votre pr\u00e9sence, qu&#8217;elle soit active ou passive. Cette ann\u00e9e f\u00fbt extr\u00eamement riche pour moi et j&#8217;ai plaisir \u00e0 regarder en arri\u00e8re et \u00e0 faire le point sur ce qui a ponctu\u00e9 cette 2017. Je remercie tr\u00e8s chaleureusement chaque personne qui, \u00e0 un moment ou \u00e0 un autre, a contribu\u00e9 \u00e0 la r\u00e9alisation de ces projets:<\/p>\n<p>Un grand merci \u00e0 Bernard Ernot et Fr\u00e9d\u00e9ric Boiteux pour m&#8217;avoir offert la possibilit\u00e9 d&#8217;exposer en plein air dans leur communes.<\/p>\n<p>Merci \u00e0 Olivier Berthoneche de la Focale de Soultz pour m&#8217;avoir invit\u00e9 \u00e0 leur festival annuel.<\/p>\n<p>Un immense merci \u00e0 Vincent Trujillo et toute l&#8217;\u00e9quipe du magazine Le Monde de la Photo pour avoir pr\u00e9sent\u00e9 mon dossier au concours &#8220;les Zooms&#8221; du Salon de la Photo, dont j&#8217;ai remport\u00e9 le prix du public. Ceci me permet en mars prochain de partir exposer cette s\u00e9rie au Japon.<\/p>\n<p>Merci bien s\u00fbr \u00e0 vous tous qui avez vot\u00e9 pour moi \u00e0 cette occasion.<\/p>\n<p>Je ne saurais terminer cet article sans vous annoncer l&#8217;ouverture de notre galerie photographie d&#8217;art EVANA \u00e0 Crans-Montana en Suisse. Samuel Bitton et moi-m\u00eame sommes heureux de vous y accueillir chaque jour (sauf le lundi) jusqu&#8217;au 15 avril 2018. Plus de d\u00e9tails suivront dans un article suivant.<\/p>\n<p>Joyeux No\u00ebl et bonne ann\u00e9e \u00e0 vous tous.<\/p>\n<p>Bien amicalement.<\/p>\n<p>C\u00e9line<\/p>\n<p>&#8212;&#8211;<\/p>\n<p><strong><em>Expositions individuelles:<\/em><\/strong><\/p>\n<p>Mars-Septembre 2017\u00a0: \u00a0<em>Festival de glace au lac Kh\u00f6vsg\u00f6l.<\/em> Exposition en plein air \u00e0 Perros-Guirec, France<\/p>\n<p>D\u00e9cembre-F\u00e9vrier 2017\/2018\u00a0: <em>Festival de glace au lac Kh\u00f6vsg\u00f6l.<\/em> Exposition en plein air \u00e0 Cluses, France<\/p>\n<p><strong><i>Expositions en groupe:<\/i><\/strong><\/p>\n<p>F\u00e9vrier\u00a0: Invit\u00e9e d\u2019honneur au Salon de la photo de la Focale, Soultz, France.<em>\u00a0Festival de glace au lac Kh\u00f6vsg\u00f6l et Un hiver chez les Tsaatans<\/em><\/p>\n<p>Mars-Avril\u00a0: Exposition <em>Festival de glace au lac Kh\u00f6vsg\u00f6l\u00a0<\/em>dans le restaurant La Yourte \u00e0 Bellevue, Suisse<\/p>\n<p>Septembre\u00a0: <em>\u00ab\u00a0Paysages\u00a0\u00bb,<\/em> Place Suisse des Arts, SwissArtSpace, Lausanne, Suisse<\/p>\n<p><strong><em>Publications:<\/em><\/strong><\/p>\n<p>Juin\u00a0: Portfolio <em>\u00ab\u00a0Aupr\u00e8s de mon renne, un hiver chez les Tsaatans\u00a0\u00bb<\/em>, dans le cadre du concours \u00abLes Zooms du salon de la photo de Paris. Le Monde de la Photo<\/p>\n<p>Ao\u00fbt: Double page \u00ab<em>\u00a0Aupr\u00e8s de mon renne, un hiver chez les Tsaatans<\/em>\u00a0\u00bb, dans le cadre du concours \u00abLes Zooms du salon de la photo de Paris. Le Monde de la Photo<\/p>\n<p>Octobre-Novembre\u00a0: <em>Jeux de glace au lac Kh\u00f6vsg\u00f6l<\/em>, Magazine Animan num\u00e9ro 202<\/p>\n<p><strong><em>Projections &#8211; Conf\u00e9rences:<\/em><\/strong><\/p>\n<p>F\u00e9vrier\u00a0: Festival photo la Focale de Soultz, France<\/p>\n<p>Mars\u00a0: Palais de congr\u00e8s de Perros-Guirec, France<\/p>\n<p><strong><em>Concours \/ Prix:\u00a0<\/em><\/strong><\/p>\n<p>\u00ab\u00a0Aupr\u00e8s de mon renne\u00a0\u00bb\u00a0: Gagnante du Prix du Public dans le cadre des Zooms du Salon de la Photo de Paris<\/p>\n<p>Mention d\u2019honneur au concours Life Framer \u00ab\u00a0World Travellers\u00a0\u00bb, avec comme Jury Steve McCurry.<\/p>\n","protected":false},"excerpt":{"rendered":"<p>Chers amis,<br \/>\nen ce jour de No\u00ebl je souhaite vous pr\u00e9senter mes meilleurs voeux pour cette fin d&#8217;ann\u00e9e.<br \/>\nQue ces jours de festivit\u00e9s soient une belle occasion de retrouver ceux qui nous sont chers mais aussi de penser \u00e0 ceux qui nous ont quitt\u00e9s.<br \/>\nChaque instant doit \u00eatre cueilli avec simplicit\u00e9 et bonheur.<\/p>\n","protected":false},"author":2,"featured_media":21607,"comment_status":"open","ping_status":"open","sticky":false,"template":"","format":"gallery","meta":{"footnotes":""},"categories":[1],"tags":[],"_links":{"self":[{"href":"https:\/\/celinejentzsch.com\/en\/wp-json\/wp\/v2\/posts\/21602"}],"collection":[{"href":"https:\/\/celinejentzsch.com\/en\/wp-json\/wp\/v2\/posts"}],"about":[{"href":"https:\/\/celinejentzsch.com\/en\/wp-json\/wp\/v2\/types\/post"}],"author":[{"embeddable":true,"href":"https:\/\/celinejentzsch.com\/en\/wp-json\/wp\/v2\/users\/2"}],"replies":[{"embeddable":true,"href":"https:\/\/celinejentzsch.com\/en\/wp-json\/wp\/v2\/comments?post=21602"}],"version-history":[{"count":5,"href":"https:\/\/celinejentzsch.com\/en\/wp-json\/wp\/v2\/posts\/21602\/revisions"}],"predecessor-version":[{"id":21608,"href":"https:\/\/celinejentzsch.com\/en\/wp-json\/wp\/v2\/posts\/21602\/revisions\/21608"}],"wp:featuredmedia":[{"embeddable":true,"href":"https:\/\/celinejentzsch.com\/en\/wp-json\/wp\/v2\/media\/21607"}],"wp:attachment":[{"href":"https:\/\/celinejentzsch.com\/en\/wp-json\/wp\/v2\/media?parent=21602"}],"wp:term":[{"taxonomy":"category","embeddable":true,"href":"https:\/\/celinejentzsch.com\/en\/wp-json\/wp\/v2\/categories?post=21602"},{"taxonomy":"post_tag","embeddable":true,"href":"https:\/\/celinejentzsch.com\/en\/wp-json\/wp\/v2\/tags?post=21602"}],"curies":[{"name":"wp","href":"https:\/\/api.w.org\/{rel}","templated":true}]}}